{"id":3575,"date":"2018-05-14T19:59:23","date_gmt":"2018-05-14T18:59:23","guid":{"rendered":"https:\/\/www.villa-liberty.com\/papstpalast-avignon\/"},"modified":"2022-02-16T00:13:49","modified_gmt":"2022-02-15T23:13:49","slug":"papstpalast-avignon","status":"publish","type":"post","link":"https:\/\/www.villa-liberty.com\/nl\/papstpalast-avignon\/","title":{"rendered":"Papstpalast Avignon"},"content":{"rendered":"<figure id=\"attachment_1533\" class=\"thumbnail wp-caption alignleft\" style=\"width: 300px\"><img fetchpriority=\"high\" decoding=\"async\" class=\"size-medium wp-image-3577\" src=\"https:\/\/www.villa-liberty.com\/wp-content\/uploads\/2018\/05\/palais-de-pape-300x225.jpg\" alt=\"Palais de pape\" width=\"300\" height=\"225\" srcset=\"https:\/\/www.villa-liberty.com\/wp-content\/uploads\/2018\/05\/palais-de-pape-300x225.jpg 300w, https:\/\/www.villa-liberty.com\/wp-content\/uploads\/2018\/05\/palais-de-pape-60x45.jpg 60w, https:\/\/www.villa-liberty.com\/wp-content\/uploads\/2018\/05\/palais-de-pape-107x80.jpg 107w, https:\/\/www.villa-liberty.com\/wp-content\/uploads\/2018\/05\/palais-de-pape-394x295.jpg 394w, https:\/\/www.villa-liberty.com\/wp-content\/uploads\/2018\/05\/palais-de-pape.jpg 550w\" sizes=\"(max-width: 300px) 100vw, 300px\" \/><figcaption class=\"caption wp-caption-text\">Palais de pape &#8211; Avignon<\/figcaption><\/figure>\n<p>Ein Muss, wenn Sie die Provence besuchen. Es ist eines der gr\u00f6\u00dften und wichtigsten mittelalterlichen gotischen Geb\u00e4ude in Europa.<\/p>\n","protected":false},"excerpt":{"rendered":"<p>Ein Muss, wenn Sie die Provence besuchen. Es ist eines der gr\u00f6\u00dften und wichtigsten mittelalterlichen gotischen Geb\u00e4ude in Europa.<\/p>\n","protected":false},"author":11,"featured_media":3577,"comment_status":"closed","ping_status":"open","sticky":false,"template":"","format":"standard","meta":{"footnotes":""},"categories":[199],"tags":[],"class_list":["post-3575","post","type-post","status-publish","format-standard","has-post-thumbnail","hentry","category-im-gebiet"],"_links":{"self":[{"href":"https:\/\/www.villa-liberty.com\/nl\/wp-json\/wp\/v2\/posts\/3575","targetHints":{"allow":["GET"]}}],"collection":[{"href":"https:\/\/www.villa-liberty.com\/nl\/wp-json\/wp\/v2\/posts"}],"about":[{"href":"https:\/\/www.villa-liberty.com\/nl\/wp-json\/wp\/v2\/types\/post"}],"author":[{"embeddable":true,"href":"https:\/\/www.villa-liberty.com\/nl\/wp-json\/wp\/v2\/users\/11"}],"replies":[{"embeddable":true,"href":"https:\/\/www.villa-liberty.com\/nl\/wp-json\/wp\/v2\/comments?post=3575"}],"version-history":[{"count":1,"href":"https:\/\/www.villa-liberty.com\/nl\/wp-json\/wp\/v2\/posts\/3575\/revisions"}],"predecessor-version":[{"id":6173,"href":"https:\/\/www.villa-liberty.com\/nl\/wp-json\/wp\/v2\/posts\/3575\/revisions\/6173"}],"wp:featuredmedia":[{"embeddable":true,"href":"https:\/\/www.villa-liberty.com\/nl\/wp-json\/wp\/v2\/media\/3577"}],"wp:attachment":[{"href":"https:\/\/www.villa-liberty.com\/nl\/wp-json\/wp\/v2\/media?parent=3575"}],"wp:term":[{"taxonomy":"category","embeddable":true,"href":"https:\/\/www.villa-liberty.com\/nl\/wp-json\/wp\/v2\/categories?post=3575"},{"taxonomy":"post_tag","embeddable":true,"href":"https:\/\/www.villa-liberty.com\/nl\/wp-json\/wp\/v2\/tags?post=3575"}],"curies":[{"name":"wp","href":"https:\/\/api.w.org\/{rel}","templated":true}]}}